{"id":13,"date":"2016-12-27T12:55:47","date_gmt":"2016-12-27T11:55:47","guid":{"rendered":"http:\/\/mihovblog.he.si\/?p=13"},"modified":"2016-12-27T15:21:38","modified_gmt":"2016-12-27T14:21:38","slug":"zelena-oranzna-daj-gas-rdeca-svigni","status":"publish","type":"post","link":"http:\/\/mihovblog.he.si\/index.php\/2016\/12\/27\/zelena-oranzna-daj-gas-rdeca-svigni\/","title":{"rendered":"Zelena, oran\u017ena &#8211; daj gas, rde\u010da &#8211; \u0161vigni"},"content":{"rendered":"<p><span style=\"font-family: arial,helvetica,sans-serif; font-size: 12pt;\"><img loading=\"lazy\" decoding=\"async\" class=\"alignleft\" src=\"http:\/\/mihovblog.he.si\/wp-content\/uploads\/2015\/08\/avto__07.jpg\" width=\"202\" height=\"153\" \/>Vsaki\u010d, ko sem pe\u0161ec, kolesar ali avtomobilist, se \u010dudim, \u010desa smo zmo\u017eni Slovenci. Otroke smo neko\u010d u\u010dili, da \u010dakajo pri rde\u010di lu\u010di in gredo \u010dez cesto, ko je zelena. Velika napaka. Prosim, da star\u0161i svojih otrok te neumnosti ne u\u010dite ve\u010d. Gre za pre\u017eivetje! Na cestah so zagospodovali morilci. Oran\u017ena lu\u010d, ki jo vidijo v daljavi, jim (namesto, da bi svojo vo\u017enjo upo\u010dasnili) da znak, da do konca pritisnejo na pedalko za plin, da lahko potem \u0161vignejo skozi rde\u010do. V\u010dasih to uspe kar dvema ali celo trem.<\/span><\/p>\n<p><span style=\"font-family: arial,helvetica,sans-serif; font-size: 12pt;\">Spra\u0161ujem se, zakaj to po\u010dno? Spra\u0161ujem se, ali se da kaj spremeniti?<\/span><br \/>\n<span style=\"font-family: arial,helvetica,sans-serif; font-size: 12pt;\">Morda je krivo, da hitimo, da ne znamo v sebi najti miru. Da se nam zdi, da bo ravno dejstvo, ali pridemo \u0161e ta moment skozi ravno to kri\u017ei\u0161\u010de, spremenilo na\u0161e \u017eivljenje (in nam morda dalo mir vsaj do naslednjega kri\u017ei\u0161\u010da). Adrenalinska droga?<\/span><br \/>\n<span style=\"font-family: arial,helvetica,sans-serif; font-size: 12pt;\">Morda je to izraz voznikove depresije. Ali morda ob\u010dutek mo\u010di nad su\u017enjem-avtomobilom.<\/span><br \/>\n<span style=\"font-family: arial,helvetica,sans-serif; font-size: 12pt;\">Zanimivo je, da tega ne po\u010dno le mladci, s \u010drnimi o\u010dali in \u010drnimi avtomobili (BMW, AUDI &#8230;) z zatemnjenimi stekli. Ne, prav tako redno videvam mlade dame, pa tudi starej\u0161e gospe in gospode, ki mirno, meni ni\u010d, tebi ni\u010d zavijajo v rde\u010do.<\/span><\/p>\n<p><span style=\"font-family: arial,helvetica,sans-serif; font-size: 12pt;\">Takrat mi je tako \u017eal, da sem \u0161tudiral fiziko in se ne izu\u010dil za prometnika. Saj res, kje sploh so prometniki? Na cesti jih ni. Zaustavil bi jih in jim z veseljem vzel vozni\u0161ko, pa klju\u010de od avta. \u010clove\u0161ke pravice? Ha, te so za tiste, ki mislijo na druge ljudi. Tiste, ki ne vidijo le sebe kot son\u010dnega kralja in sveta, ki se vrti okrog njih.<\/span><\/p>\n<p><span style=\"font-family: arial,helvetica,sans-serif; font-size: 12pt;\">Se da kaj spremeniti?<\/span><br \/>\n<span style=\"font-family: arial,helvetica,sans-serif; font-size: 12pt;\">Mislim, da ja:<\/span><\/p>\n<ul>\n<li><span style=\"font-family: arial,helvetica,sans-serif; font-size: 12pt;\">ve\u010d prometnikov na ulice, ki imajo jajca, da vzamejo vozni\u0161ko in klju\u010de avtomobila in k temu dodajo tudi prav\u0161njo denarno kazen (preventiva je dobra, a kazen je vzgojna)<\/span><\/li>\n<li><span style=\"font-family: arial,helvetica,sans-serif; font-size: 12pt;\">\u017ee najmlaj\u0161e otroke je potrebno v prvem razredu osnovne \u0161ole ali pa \u017ee vrtcu nau\u010diti, da je treba mamico ali o\u010dka, ki vozita skozi oran\u017eno in rde\u010do lu\u010d na to takoj opozoriti (morda bodo ti vozniki prisluhnili vsaj svojemu otroku? Verjetno pa ne, saj ga z samo vo\u017enjo \u017ee spravljajo v nevarnost.<\/span><\/li>\n<\/ul>\n<p><span style=\"font-family: arial,helvetica,sans-serif; font-size: 12pt;\">\u0160e kak\u0161ne konstruktivne ideje?<\/span><\/p>\n","protected":false},"excerpt":{"rendered":"<p>Vsaki\u010d, ko sem pe\u0161ec, kolesar ali avtomobilist, se \u010dudim, \u010desa smo zmo\u017eni Slovenci. Otroke smo neko\u010d u\u010dili, da \u010dakajo pri rde\u010di lu\u010di in gredo \u010dez cesto, ko je zelena. Velika napaka. Prosim, da star\u0161i svojih otrok te neumnosti ne u\u010dite &hellip; <a href=\"http:\/\/mihovblog.he.si\/index.php\/2016\/12\/27\/zelena-oranzna-daj-gas-rdeca-svigni\/\">Beri naprej <span class=\"meta-nav\">&rarr;<\/span><\/a><\/p>\n","protected":false},"author":1,"featured_media":0,"comment_status":"open","ping_status":"open","sticky":false,"template":"","format":"standard","meta":{"_acf_changed":false,"footnotes":""},"categories":[2],"tags":[],"class_list":["post-13","post","type-post","status-publish","format-standard","hentry","category-promet"],"acf":[],"_links":{"self":[{"href":"http:\/\/mihovblog.he.si\/index.php\/wp-json\/wp\/v2\/posts\/13"}],"collection":[{"href":"http:\/\/mihovblog.he.si\/index.php\/wp-json\/wp\/v2\/posts"}],"about":[{"href":"http:\/\/mihovblog.he.si\/index.php\/wp-json\/wp\/v2\/types\/post"}],"author":[{"embeddable":true,"href":"http:\/\/mihovblog.he.si\/index.php\/wp-json\/wp\/v2\/users\/1"}],"replies":[{"embeddable":true,"href":"http:\/\/mihovblog.he.si\/index.php\/wp-json\/wp\/v2\/comments?post=13"}],"version-history":[{"count":5,"href":"http:\/\/mihovblog.he.si\/index.php\/wp-json\/wp\/v2\/posts\/13\/revisions"}],"predecessor-version":[{"id":32,"href":"http:\/\/mihovblog.he.si\/index.php\/wp-json\/wp\/v2\/posts\/13\/revisions\/32"}],"wp:attachment":[{"href":"http:\/\/mihovblog.he.si\/index.php\/wp-json\/wp\/v2\/media?parent=13"}],"wp:term":[{"taxonomy":"category","embeddable":true,"href":"http:\/\/mihovblog.he.si\/index.php\/wp-json\/wp\/v2\/categories?post=13"},{"taxonomy":"post_tag","embeddable":true,"href":"http:\/\/mihovblog.he.si\/index.php\/wp-json\/wp\/v2\/tags?post=13"}],"curies":[{"name":"wp","href":"https:\/\/api.w.org\/{rel}","templated":true}]}}