{"id":52,"date":"2019-03-08T19:00:40","date_gmt":"2019-03-08T18:00:40","guid":{"rendered":"http:\/\/mihovblog.he.si\/?p=52"},"modified":"2019-03-08T19:32:35","modified_gmt":"2019-03-08T18:32:35","slug":"zapik","status":"publish","type":"post","link":"http:\/\/mihovblog.he.si\/index.php\/2019\/03\/08\/zapik\/","title":{"rendered":"Zapik"},"content":{"rendered":"\n<figure class=\"wp-block-image is-resized\"><img loading=\"lazy\" decoding=\"async\" src=\"http:\/\/mihovblog.he.si\/wp-content\/uploads\/2019\/03\/noj-767x1024.jpg\" alt=\"\" class=\"wp-image-54\" width=\"219\" height=\"292\" srcset=\"http:\/\/mihovblog.he.si\/wp-content\/uploads\/2019\/03\/noj-767x1024.jpg 767w, http:\/\/mihovblog.he.si\/wp-content\/uploads\/2019\/03\/noj-225x300.jpg 225w, http:\/\/mihovblog.he.si\/wp-content\/uploads\/2019\/03\/noj-768x1026.jpg 768w, http:\/\/mihovblog.he.si\/wp-content\/uploads\/2019\/03\/noj.jpg 912w\" sizes=\"(max-width: 219px) 100vw, 219px\" \/><\/figure>\n\n\n\n<p>Odgovor na \u010dlanek v delu:<br>Peter Rak, DELO 5. marec. 2019: <a href=\"https:\/\/www.delo.si\/novice\/slovenija\/iz-postopkov-odlocanja-se-bom-izlocil-157372.html\">&#8220;Izlo\u010dil se bom iz vseh postopkov odlo\u010danja&#8221; <\/a><\/p>\n\n\n\n<p><strong>\u201cZAPIK,\u201d smo neko\u010d rekli, ko smo se kot otroci lovili in je pri\u0161la nevarnost, da nas nekdo ulovi. Pa smo bili za\u0161\u010diteni in nam nobeden ni\u010d ni mogel.<\/strong><\/p>\n\n\n\n<p>Zdaj so \u010dasi druga\u010dni. Zdaj\u0161nji otroci se ve\u010d ne\nigrajo na dvori\u0161\u010dih. Izrazoslovje se je spremenilo.<\/p>\n\n\n\n<p>Mi smo odrasli. Sprejemamo svoje dol\u017enosti, svoje\nodlo\u010ditve in odgovornosti. A nekaterim je tisti stari \u00bbzapik\u00ab ostal. Ko ti gre\nza nohte, pa\u010d re\u010de\u0161: \u00bbIzlo\u010dil se bom iz vseh postopkov odlo\u010danja.\u00ab (Noj bi v\ntem primeru dal glavo v pesek).<\/p>\n\n\n\n<p><strong>Oprostite gospod minister. Ne morete hkrati voditi Ministrstva in se izlo\u010devati iz postopkov odlo\u010danja.<\/strong> Boste to v svojem mandatu storili vsakokrat, ko bo na tapeti institucija, katere direktor ste? Boste to storili vsakokrat, ko bo na tapeti neka institucija iz va\u0161ega konzorcija mre\u017ee raziskovalnih umetnosti? Boste to storili tudi, ko se bo odlo\u010dalo o institucijah, ki se va\u0161emu konzorciju upajo konkurirati?<\/p>\n\n\n\n<p>Ne gospod minister. <strong>Edini na\u010din, da se minister izlo\u010di iz vseh postopkov odlo\u010danja je tako, da ne kandidira za ministrski stol\u010dek.<\/strong> Kot pravi stari slovenski pregovor: \u00bbNe more\u0161 rit stisnit in prdnit.\u00ab<\/p>\n\n\n\n<p>Na\u0161e izku\u0161nje pridobljene ob pisanju, prijavi, odpiranju prijav ter odgovorov pristojnih med in po razpisu so ogromne in neprecenljive. Iz razpisa se nismo izlo\u010dili, \u010deprav bi to morda nekateri \u017eeleli. Z vso odgovornostjo smo se lotili komuniciranja v sve\u017eem konzorciju in sestavili kvalitetno prijavo polno uresni\u010dljivih in originalnih vsebin. Med pisanjem smo <strong>s strani Ministrstva<\/strong> do\u017eivljali k<strong>ontradiktorne odgovore, razli\u010dne pogoje do razli\u010dnih prijaviteljev<\/strong>, saj so nekateri posve\u010deni na\u010drte in pogoje poznali vnaprej. Do\u017eiveli smo posebno pozornost komisije pri odpiranju na\u0161e vloge, ki je bila za razliko od drugih skrbno vezana in zape\u010datena \u2013 tako, kot je zahteval razpis. Do\u017eiveli smo <strong>neskladnosti razpisa in razpisnih dokumentov<\/strong>; v razpisu pravne oblike <strong>ustanove ni med upravi\u010denci<\/strong>, v dokumentih pa kot mo\u017enost nastopa. Naprej v razpisu kot priloga <strong>manjka \u00bbobrazec <\/strong>za oznako vloge\u00ab s katero bi morala biti opremljena vsaka vloga. Do\u017eiveli smo, da nastopa predstavnik prijavitelja <strong>hkrati v vlogi prijavitelja in odlo\u010devalca<\/strong>. \u010ce pomagam obema ostalima prijaviteljema in ju sestavim (kot je sam Minister omenil: <em>\u00bbnobeden od dele\u017enikov s podro\u010dja kulture ni bil navdu\u0161en nad odlo\u010ditvijo o dveh centrih.\u00ab) <\/em>iz referenc upravi\u010deno sklepam, da se v tem giga-konzorciju <strong>skriva tudi sam pisec projekta<\/strong>. \u010ce bi imeli Poirota v na\u0161ih krajih, bi ga zagotovo zbodla beseda Ars Electronica iz Linza \u2013 ta namre\u010d nastopa tako v Ministrovi hvalnici partnerjev konzorcija, kot tudi v samem razpisu pod opombo pri Namenu in cilju javnega razpisa. Poirot se seveda tu ne bi ustavil, kaj \u0161ele izlo\u010dil iz nadaljnjega raziskovanja. Ugotovil bi, da se taista referenca ponovi pri nekem drugem, 25 milijonskem razpisu \u2013 arhitekturnem nate\u010daju <strong>CENTRA ZNANOSTI<\/strong> v Ljubljani. Verjetno bi znani detektiv za\u010del povezovati akterje obeh razpisov, uvidel celotno sliko organiziranega konzorcija, ga razkril javnosti, nakar bi sledile sankcije. Primer zaklju\u010den.<\/p>\n\n\n\n<p>\u017dal pri nas nimamo Poirota. Imamo pa medije, imamo raziskovalne novinarje. <strong>Imamo organizirane konzorcije<\/strong> in imamo javnost. Pri sankcijah malce \u0161epamo \u2013 in pri odgovornosti tudi.<\/p>\n\n\n\n<p>Pisanje tak\u0161nih tekstov in razkrivanje nepravilnosti,\ndiskriminatornosti, netransparentnosti in licemerstva ni temelj in bistvo\nmojega delovanja.<\/p>\n\n\n\n<p>Ali pa\u010d! Vizija Hi\u0161e eksperimentov je:<br><em> \u017diveti in sodelovati v zdravi demokraciji &#8211; dru\u017ebi z bistveno ve\u010dino kriti\u010dno razmi\u0161ljajo\u010dih s sposobnostjo re\u0161evanja problemov.<\/em><\/p>\n\n\n\n<p>Za kriti\u010dno razmi\u0161ljanje in ustvarjanje lastnega mnenja so javnosti\npotrebne informacije. Tudi tiste od Hi\u0161e eksperimentov.<\/p>\n\n\n\n<p>\u017de zdavnaj sem sklenil, da se ne bom izlo\u010deval iz postopkov odlo\u010danja v instituciji, ki jo vodim. In <strong>odlo\u010dil sem se, da bom nepravilnosti in ne\u010dednosti razkrival.<\/strong><\/p>\n\n\n\n<div class=\"wp-block-file\"><a href=\"http:\/\/mihovblog.he.si\/wp-content\/uploads\/2019\/03\/20190305_DELO-3.jpg\">20190305_DELO-3<\/a><a href=\"http:\/\/mihovblog.he.si\/wp-content\/uploads\/2019\/03\/20190305_DELO-3.jpg\" class=\"wp-block-file__button\" download><\/a><\/div>\n","protected":false},"excerpt":{"rendered":"<p>Odgovor na \u010dlanek v delu:Peter Rak, DELO 5. marec. 2019: &#8220;Izlo\u010dil se bom iz vseh postopkov odlo\u010danja&#8221; \u201cZAPIK,\u201d smo neko\u010d rekli, ko smo se kot otroci lovili in je pri\u0161la nevarnost, da nas nekdo ulovi. Pa smo bili za\u0161\u010diteni in &hellip; <a href=\"http:\/\/mihovblog.he.si\/index.php\/2019\/03\/08\/zapik\/\">Beri naprej <span class=\"meta-nav\">&rarr;<\/span><\/a><\/p>\n","protected":false},"author":1,"featured_media":0,"comment_status":"open","ping_status":"open","sticky":true,"template":"","format":"standard","meta":{"_acf_changed":false,"footnotes":""},"categories":[14,9],"tags":[6,13,5,12,11],"class_list":["post-52","post","type-post","status-publish","format-standard","hentry","category-drzava-politika","category-hisa","tag-center-znanosti","tag-jurij-krpan","tag-ministrstvo-za-kulturo","tag-prirejeni-razpis","tag-zoran-poznic"],"acf":[],"_links":{"self":[{"href":"http:\/\/mihovblog.he.si\/index.php\/wp-json\/wp\/v2\/posts\/52"}],"collection":[{"href":"http:\/\/mihovblog.he.si\/index.php\/wp-json\/wp\/v2\/posts"}],"about":[{"href":"http:\/\/mihovblog.he.si\/index.php\/wp-json\/wp\/v2\/types\/post"}],"author":[{"embeddable":true,"href":"http:\/\/mihovblog.he.si\/index.php\/wp-json\/wp\/v2\/users\/1"}],"replies":[{"embeddable":true,"href":"http:\/\/mihovblog.he.si\/index.php\/wp-json\/wp\/v2\/comments?post=52"}],"version-history":[{"count":3,"href":"http:\/\/mihovblog.he.si\/index.php\/wp-json\/wp\/v2\/posts\/52\/revisions"}],"predecessor-version":[{"id":57,"href":"http:\/\/mihovblog.he.si\/index.php\/wp-json\/wp\/v2\/posts\/52\/revisions\/57"}],"wp:attachment":[{"href":"http:\/\/mihovblog.he.si\/index.php\/wp-json\/wp\/v2\/media?parent=52"}],"wp:term":[{"taxonomy":"category","embeddable":true,"href":"http:\/\/mihovblog.he.si\/index.php\/wp-json\/wp\/v2\/categories?post=52"},{"taxonomy":"post_tag","embeddable":true,"href":"http:\/\/mihovblog.he.si\/index.php\/wp-json\/wp\/v2\/tags?post=52"}],"curies":[{"name":"wp","href":"https:\/\/api.w.org\/{rel}","templated":true}]}}